{"id":409,"date":"2024-12-09T12:42:17","date_gmt":"2024-12-09T01:42:17","guid":{"rendered":"https:\/\/ecoleclunynoumea.ddec.nc\/?p=409"},"modified":"2024-12-09T12:48:42","modified_gmt":"2024-12-09T01:48:42","slug":"evenements-de-fin-dannee-2024","status":"publish","type":"post","link":"https:\/\/ecoleclunynoumea.ddec.nc\/?p=409","title":{"rendered":"Ev\u00e8nements de fin d&rsquo;ann\u00e9e 2024"},"content":{"rendered":"<p>Nous avons v\u00e9cu une semaine intense en cette fin d&rsquo;ann\u00e9e 2024 :<\/p>\n<ul>\n<li>lundi 2 d\u00e9cembre : Journ\u00e9e festive,<\/li>\n<li>Jeudi 5 d\u00e9cembre : Messe de fin d&rsquo;ann\u00e9e,<\/li>\n<li>Vendredi 6 d\u00e9cembre : F\u00eate de St Nicolas.<\/li>\n<\/ul>\n<p>N.B. : les sorties de classes de fin d&rsquo;ann\u00e9e ont d\u00e9but\u00e9 le 28 novembre jusqu&rsquo;au 9 d\u00e9cembre.<\/p>\n<p><img fetchpriority=\"high\" decoding=\"async\" class=\"alignnone size-medium wp-image-403\" src=\"https:\/\/ecoleclunynoumea.ddec.nc\/wp-content\/uploads\/2024\/12\/journee-festive-2024-elementaire-2-300x225.jpg\" alt=\"\" width=\"300\" height=\"225\" srcset=\"https:\/\/ecoleclunynoumea.ddec.nc\/wp-content\/uploads\/2024\/12\/journee-festive-2024-elementaire-2-300x225.jpg 300w, https:\/\/ecoleclunynoumea.ddec.nc\/wp-content\/uploads\/2024\/12\/journee-festive-2024-elementaire-2-1024x768.jpg 1024w, https:\/\/ecoleclunynoumea.ddec.nc\/wp-content\/uploads\/2024\/12\/journee-festive-2024-elementaire-2-768x576.jpg 768w, https:\/\/ecoleclunynoumea.ddec.nc\/wp-content\/uploads\/2024\/12\/journee-festive-2024-elementaire-2-1536x1152.jpg 1536w, https:\/\/ecoleclunynoumea.ddec.nc\/wp-content\/uploads\/2024\/12\/journee-festive-2024-elementaire-2.jpg 2048w\" sizes=\"(max-width: 300px) 100vw, 300px\" \/> <img decoding=\"async\" class=\"alignnone size-medium wp-image-402\" src=\"https:\/\/ecoleclunynoumea.ddec.nc\/wp-content\/uploads\/2024\/12\/journee-festive-2024-elementaire-300x140.jpg\" alt=\"\" width=\"300\" height=\"140\" srcset=\"https:\/\/ecoleclunynoumea.ddec.nc\/wp-content\/uploads\/2024\/12\/journee-festive-2024-elementaire-300x140.jpg 300w, https:\/\/ecoleclunynoumea.ddec.nc\/wp-content\/uploads\/2024\/12\/journee-festive-2024-elementaire-1024x478.jpg 1024w, https:\/\/ecoleclunynoumea.ddec.nc\/wp-content\/uploads\/2024\/12\/journee-festive-2024-elementaire-768x359.jpg 768w, https:\/\/ecoleclunynoumea.ddec.nc\/wp-content\/uploads\/2024\/12\/journee-festive-2024-elementaire-1536x717.jpg 1536w, https:\/\/ecoleclunynoumea.ddec.nc\/wp-content\/uploads\/2024\/12\/journee-festive-2024-elementaire.jpg 2000w\" sizes=\"(max-width: 300px) 100vw, 300px\" \/> <img decoding=\"async\" class=\"alignnone size-full wp-image-401\" src=\"https:\/\/ecoleclunynoumea.ddec.nc\/wp-content\/uploads\/2024\/12\/journee-festive-2024-maternelle.jpg\" alt=\"\" width=\"206\" height=\"206\" srcset=\"https:\/\/ecoleclunynoumea.ddec.nc\/wp-content\/uploads\/2024\/12\/journee-festive-2024-maternelle.jpg 206w, https:\/\/ecoleclunynoumea.ddec.nc\/wp-content\/uploads\/2024\/12\/journee-festive-2024-maternelle-150x150.jpg 150w\" sizes=\"(max-width: 206px) 100vw, 206px\" \/> <img loading=\"lazy\" decoding=\"async\" class=\"alignnone size-medium wp-image-400\" src=\"https:\/\/ecoleclunynoumea.ddec.nc\/wp-content\/uploads\/2024\/12\/messe-fin-dannee-ele-et-maternelle-300x225.jpg\" alt=\"\" width=\"300\" height=\"225\" srcset=\"https:\/\/ecoleclunynoumea.ddec.nc\/wp-content\/uploads\/2024\/12\/messe-fin-dannee-ele-et-maternelle-300x225.jpg 300w, https:\/\/ecoleclunynoumea.ddec.nc\/wp-content\/uploads\/2024\/12\/messe-fin-dannee-ele-et-maternelle-1024x768.jpg 1024w, https:\/\/ecoleclunynoumea.ddec.nc\/wp-content\/uploads\/2024\/12\/messe-fin-dannee-ele-et-maternelle-768x576.jpg 768w, https:\/\/ecoleclunynoumea.ddec.nc\/wp-content\/uploads\/2024\/12\/messe-fin-dannee-ele-et-maternelle-1536x1152.jpg 1536w, https:\/\/ecoleclunynoumea.ddec.nc\/wp-content\/uploads\/2024\/12\/messe-fin-dannee-ele-et-maternelle.jpg 2048w\" sizes=\"(max-width: 300px) 100vw, 300px\" \/> <img loading=\"lazy\" decoding=\"async\" class=\"alignnone size-medium wp-image-399\" src=\"https:\/\/ecoleclunynoumea.ddec.nc\/wp-content\/uploads\/2024\/12\/messe-fin-dannee-300x225.jpg\" alt=\"\" width=\"300\" height=\"225\" srcset=\"https:\/\/ecoleclunynoumea.ddec.nc\/wp-content\/uploads\/2024\/12\/messe-fin-dannee-300x225.jpg 300w, https:\/\/ecoleclunynoumea.ddec.nc\/wp-content\/uploads\/2024\/12\/messe-fin-dannee-1024x768.jpg 1024w, https:\/\/ecoleclunynoumea.ddec.nc\/wp-content\/uploads\/2024\/12\/messe-fin-dannee-768x576.jpg 768w, https:\/\/ecoleclunynoumea.ddec.nc\/wp-content\/uploads\/2024\/12\/messe-fin-dannee-1536x1152.jpg 1536w, https:\/\/ecoleclunynoumea.ddec.nc\/wp-content\/uploads\/2024\/12\/messe-fin-dannee.jpg 2048w\" sizes=\"(max-width: 300px) 100vw, 300px\" \/> <img loading=\"lazy\" decoding=\"async\" class=\"alignnone size-medium wp-image-407\" src=\"https:\/\/ecoleclunynoumea.ddec.nc\/wp-content\/uploads\/2024\/12\/468875795_595740529696988_3798171754060454147_n-225x300.jpg\" alt=\"\" width=\"225\" height=\"300\" srcset=\"https:\/\/ecoleclunynoumea.ddec.nc\/wp-content\/uploads\/2024\/12\/468875795_595740529696988_3798171754060454147_n-225x300.jpg 225w, https:\/\/ecoleclunynoumea.ddec.nc\/wp-content\/uploads\/2024\/12\/468875795_595740529696988_3798171754060454147_n-768x1024.jpg 768w, https:\/\/ecoleclunynoumea.ddec.nc\/wp-content\/uploads\/2024\/12\/468875795_595740529696988_3798171754060454147_n-1152x1536.jpg 1152w, https:\/\/ecoleclunynoumea.ddec.nc\/wp-content\/uploads\/2024\/12\/468875795_595740529696988_3798171754060454147_n.jpg 1536w\" sizes=\"(max-width: 225px) 100vw, 225px\" \/> <img loading=\"lazy\" decoding=\"async\" class=\"alignnone size-medium wp-image-404\" src=\"https:\/\/ecoleclunynoumea.ddec.nc\/wp-content\/uploads\/2024\/12\/ST-NICOLAS-225x300.jpg\" alt=\"\" width=\"225\" height=\"300\" \/> <img loading=\"lazy\" decoding=\"async\" class=\"alignnone size-medium wp-image-405\" src=\"https:\/\/ecoleclunynoumea.ddec.nc\/wp-content\/uploads\/2024\/12\/469049174_597756516162056_8525532258869056308_n-169x300.jpg\" alt=\"\" width=\"169\" height=\"300\" srcset=\"https:\/\/ecoleclunynoumea.ddec.nc\/wp-content\/uploads\/2024\/12\/469049174_597756516162056_8525532258869056308_n-169x300.jpg 169w, https:\/\/ecoleclunynoumea.ddec.nc\/wp-content\/uploads\/2024\/12\/469049174_597756516162056_8525532258869056308_n-576x1024.jpg 576w, https:\/\/ecoleclunynoumea.ddec.nc\/wp-content\/uploads\/2024\/12\/469049174_597756516162056_8525532258869056308_n-768x1365.jpg 768w, https:\/\/ecoleclunynoumea.ddec.nc\/wp-content\/uploads\/2024\/12\/469049174_597756516162056_8525532258869056308_n-864x1536.jpg 864w, https:\/\/ecoleclunynoumea.ddec.nc\/wp-content\/uploads\/2024\/12\/469049174_597756516162056_8525532258869056308_n.jpg 1080w\" sizes=\"(max-width: 169px) 100vw, 169px\" \/> <img loading=\"lazy\" decoding=\"async\" class=\"alignnone size-medium wp-image-406\" src=\"https:\/\/ecoleclunynoumea.ddec.nc\/wp-content\/uploads\/2024\/12\/469361545_597756616162046_3094379549909754420_n-300x225.jpg\" alt=\"\" width=\"300\" height=\"225\" srcset=\"https:\/\/ecoleclunynoumea.ddec.nc\/wp-content\/uploads\/2024\/12\/469361545_597756616162046_3094379549909754420_n-300x225.jpg 300w, https:\/\/ecoleclunynoumea.ddec.nc\/wp-content\/uploads\/2024\/12\/469361545_597756616162046_3094379549909754420_n-1024x768.jpg 1024w, https:\/\/ecoleclunynoumea.ddec.nc\/wp-content\/uploads\/2024\/12\/469361545_597756616162046_3094379549909754420_n-768x576.jpg 768w, https:\/\/ecoleclunynoumea.ddec.nc\/wp-content\/uploads\/2024\/12\/469361545_597756616162046_3094379549909754420_n-1536x1152.jpg 1536w, https:\/\/ecoleclunynoumea.ddec.nc\/wp-content\/uploads\/2024\/12\/469361545_597756616162046_3094379549909754420_n.jpg 2048w\" sizes=\"(max-width: 300px) 100vw, 300px\" \/><\/p>\n<p>&nbsp;<\/p>\n","protected":false},"excerpt":{"rendered":"<p>Nous avons v\u00e9cu une semaine intense en cette fin d&rsquo;ann\u00e9e 2024 : lundi 2 d\u00e9cembre : Journ\u00e9e festive, Jeudi 5 d\u00e9cembre : Messe de fin d&rsquo;ann\u00e9e, Vendredi 6 d\u00e9cembre : F\u00eate de St Nicolas. N.B. : les sorties de classes de fin d&rsquo;ann\u00e9e ont d\u00e9but\u00e9 le 28 novembre jusqu&rsquo;au 9 d\u00e9cembre. &nbsp;<\/p>\n","protected":false},"author":3,"featured_media":404,"comment_status":"open","ping_status":"open","sticky":false,"template":"","format":"standard","meta":{"footnotes":""},"categories":[1],"tags":[],"class_list":["post-409","post","type-post","status-publish","format-standard","has-post-thumbnail","hentry","category-actus"],"yoast_head":"<!-- This site is optimized with the Yoast SEO plugin v26.4 - https:\/\/yoast.com\/wordpress\/plugins\/seo\/ -->\n<title>Ev\u00e8nements de fin d&#039;ann\u00e9e 2024 - Ecole Saint-Joseph de Cluny - Noum\u00e9a<\/title>\n<meta name=\"robots\" content=\"index, follow, max-snippet:-1, max-image-preview:large, max-video-preview:-1\" \/>\n<link rel=\"canonical\" href=\"https:\/\/ecoleclunynoumea.ddec.nc\/?p=409\" \/>\n<meta property=\"og:locale\" content=\"fr_FR\" \/>\n<meta property=\"og:type\" content=\"article\" \/>\n<meta property=\"og:title\" content=\"Ev\u00e8nements de fin d&#039;ann\u00e9e 2024 - Ecole Saint-Joseph de Cluny - Noum\u00e9a\" \/>\n<meta property=\"og:description\" content=\"Nous avons v\u00e9cu une semaine intense en cette fin d&rsquo;ann\u00e9e 2024 : lundi 2 d\u00e9cembre : Journ\u00e9e festive, Jeudi 5 d\u00e9cembre : Messe de fin d&rsquo;ann\u00e9e, Vendredi 6 d\u00e9cembre : F\u00eate de St Nicolas. N.B. : les sorties de classes de fin d&rsquo;ann\u00e9e ont d\u00e9but\u00e9 le 28 novembre jusqu&rsquo;au 9 d\u00e9cembre. &nbsp;\" \/>\n<meta property=\"og:url\" content=\"https:\/\/ecoleclunynoumea.ddec.nc\/?p=409\" \/>\n<meta property=\"og:site_name\" content=\"Ecole Saint-Joseph de Cluny - Noum\u00e9a\" \/>\n<meta property=\"article:publisher\" content=\"https:\/\/www.facebook.com\/ecolesaintjosephdeclunynoumea\" \/>\n<meta property=\"article:published_time\" content=\"2024-12-09T01:42:17+00:00\" \/>\n<meta property=\"article:modified_time\" content=\"2024-12-09T01:48:42+00:00\" \/>\n<meta property=\"og:image\" content=\"https:\/\/ecoleclunynoumea.ddec.nc\/wp-content\/uploads\/2024\/12\/ST-NICOLAS-e1733708914715.jpg\" \/>\n\t<meta property=\"og:image:width\" content=\"1536\" \/>\n\t<meta property=\"og:image:height\" content=\"950\" \/>\n\t<meta property=\"og:image:type\" content=\"image\/jpeg\" \/>\n<meta name=\"author\" content=\"Goretti Mandi\" \/>\n<meta name=\"twitter:card\" content=\"summary_large_image\" \/>\n<meta name=\"twitter:label1\" content=\"\u00c9crit par\" \/>\n\t<meta name=\"twitter:data1\" content=\"Goretti Mandi\" \/>\n<script type=\"application\/ld+json\" class=\"yoast-schema-graph\">{\"@context\":\"https:\/\/schema.org\",\"@graph\":[{\"@type\":\"Article\",\"@id\":\"https:\/\/ecoleclunynoumea.ddec.nc\/?p=409#article\",\"isPartOf\":{\"@id\":\"https:\/\/ecoleclunynoumea.ddec.nc\/?p=409\"},\"author\":{\"name\":\"Goretti Mandi\",\"@id\":\"https:\/\/ecoleclunynoumea.ddec.nc\/#\/schema\/person\/e429c2b97b3214359df8252e34ada041\"},\"headline\":\"Ev\u00e8nements de fin d&rsquo;ann\u00e9e 2024\",\"datePublished\":\"2024-12-09T01:42:17+00:00\",\"dateModified\":\"2024-12-09T01:48:42+00:00\",\"mainEntityOfPage\":{\"@id\":\"https:\/\/ecoleclunynoumea.ddec.nc\/?p=409\"},\"wordCount\":64,\"commentCount\":0,\"publisher\":{\"@id\":\"https:\/\/ecoleclunynoumea.ddec.nc\/#organization\"},\"image\":{\"@id\":\"https:\/\/ecoleclunynoumea.ddec.nc\/?p=409#primaryimage\"},\"thumbnailUrl\":\"https:\/\/ecoleclunynoumea.ddec.nc\/wp-content\/uploads\/2024\/12\/ST-NICOLAS-e1733708914715.jpg\",\"articleSection\":[\"Actus\"],\"inLanguage\":\"fr-FR\",\"potentialAction\":[{\"@type\":\"CommentAction\",\"name\":\"Comment\",\"target\":[\"https:\/\/ecoleclunynoumea.ddec.nc\/?p=409#respond\"]}]},{\"@type\":\"WebPage\",\"@id\":\"https:\/\/ecoleclunynoumea.ddec.nc\/?p=409\",\"url\":\"https:\/\/ecoleclunynoumea.ddec.nc\/?p=409\",\"name\":\"Ev\u00e8nements de fin d'ann\u00e9e 2024 - Ecole Saint-Joseph de Cluny - Noum\u00e9a\",\"isPartOf\":{\"@id\":\"https:\/\/ecoleclunynoumea.ddec.nc\/#website\"},\"primaryImageOfPage\":{\"@id\":\"https:\/\/ecoleclunynoumea.ddec.nc\/?p=409#primaryimage\"},\"image\":{\"@id\":\"https:\/\/ecoleclunynoumea.ddec.nc\/?p=409#primaryimage\"},\"thumbnailUrl\":\"https:\/\/ecoleclunynoumea.ddec.nc\/wp-content\/uploads\/2024\/12\/ST-NICOLAS-e1733708914715.jpg\",\"datePublished\":\"2024-12-09T01:42:17+00:00\",\"dateModified\":\"2024-12-09T01:48:42+00:00\",\"breadcrumb\":{\"@id\":\"https:\/\/ecoleclunynoumea.ddec.nc\/?p=409#breadcrumb\"},\"inLanguage\":\"fr-FR\",\"potentialAction\":[{\"@type\":\"ReadAction\",\"target\":[\"https:\/\/ecoleclunynoumea.ddec.nc\/?p=409\"]}]},{\"@type\":\"ImageObject\",\"inLanguage\":\"fr-FR\",\"@id\":\"https:\/\/ecoleclunynoumea.ddec.nc\/?p=409#primaryimage\",\"url\":\"https:\/\/ecoleclunynoumea.ddec.nc\/wp-content\/uploads\/2024\/12\/ST-NICOLAS-e1733708914715.jpg\",\"contentUrl\":\"https:\/\/ecoleclunynoumea.ddec.nc\/wp-content\/uploads\/2024\/12\/ST-NICOLAS-e1733708914715.jpg\",\"width\":1536,\"height\":950},{\"@type\":\"BreadcrumbList\",\"@id\":\"https:\/\/ecoleclunynoumea.ddec.nc\/?p=409#breadcrumb\",\"itemListElement\":[{\"@type\":\"ListItem\",\"position\":1,\"name\":\"Accueil\",\"item\":\"https:\/\/ecoleclunynoumea.ddec.nc\/\"},{\"@type\":\"ListItem\",\"position\":2,\"name\":\"Ev\u00e8nements de fin d&rsquo;ann\u00e9e 2024\"}]},{\"@type\":\"WebSite\",\"@id\":\"https:\/\/ecoleclunynoumea.ddec.nc\/#website\",\"url\":\"https:\/\/ecoleclunynoumea.ddec.nc\/\",\"name\":\"Ecole Saint-Joseph de Cluny - Noum\u00e9a\",\"description\":\"\",\"publisher\":{\"@id\":\"https:\/\/ecoleclunynoumea.ddec.nc\/#organization\"},\"potentialAction\":[{\"@type\":\"SearchAction\",\"target\":{\"@type\":\"EntryPoint\",\"urlTemplate\":\"https:\/\/ecoleclunynoumea.ddec.nc\/?s={search_term_string}\"},\"query-input\":{\"@type\":\"PropertyValueSpecification\",\"valueRequired\":true,\"valueName\":\"search_term_string\"}}],\"inLanguage\":\"fr-FR\"},{\"@type\":\"Organization\",\"@id\":\"https:\/\/ecoleclunynoumea.ddec.nc\/#organization\",\"name\":\"Ecole Saint-Joseph de Cluny - Noum\u00e9a\",\"url\":\"https:\/\/ecoleclunynoumea.ddec.nc\/\",\"logo\":{\"@type\":\"ImageObject\",\"inLanguage\":\"fr-FR\",\"@id\":\"https:\/\/ecoleclunynoumea.ddec.nc\/#\/schema\/logo\/image\/\",\"url\":\"https:\/\/ecoleclunynoumea.ddec.nc\/wp-content\/uploads\/2024\/11\/logo.jpg\",\"contentUrl\":\"https:\/\/ecoleclunynoumea.ddec.nc\/wp-content\/uploads\/2024\/11\/logo.jpg\",\"width\":808,\"height\":673,\"caption\":\"Ecole Saint-Joseph de Cluny - Noum\u00e9a\"},\"image\":{\"@id\":\"https:\/\/ecoleclunynoumea.ddec.nc\/#\/schema\/logo\/image\/\"},\"sameAs\":[\"https:\/\/www.facebook.com\/ecolesaintjosephdeclunynoumea\"]},{\"@type\":\"Person\",\"@id\":\"https:\/\/ecoleclunynoumea.ddec.nc\/#\/schema\/person\/e429c2b97b3214359df8252e34ada041\",\"name\":\"Goretti Mandi\",\"image\":{\"@type\":\"ImageObject\",\"inLanguage\":\"fr-FR\",\"@id\":\"https:\/\/ecoleclunynoumea.ddec.nc\/#\/schema\/person\/image\/\",\"url\":\"https:\/\/secure.gravatar.com\/avatar\/78491f1895e582a2fa3d468a7f31fc0cfb6cb430274bb754a643497fc81c7271?s=96&d=mm&r=g\",\"contentUrl\":\"https:\/\/secure.gravatar.com\/avatar\/78491f1895e582a2fa3d468a7f31fc0cfb6cb430274bb754a643497fc81c7271?s=96&d=mm&r=g\",\"caption\":\"Goretti Mandi\"},\"url\":\"https:\/\/ecoleclunynoumea.ddec.nc\/?author=3\"}]}<\/script>\n<!-- \/ Yoast SEO plugin. -->","yoast_head_json":{"title":"Ev\u00e8nements de fin d'ann\u00e9e 2024 - Ecole Saint-Joseph de Cluny - Noum\u00e9a","robots":{"index":"index","follow":"follow","max-snippet":"max-snippet:-1","max-image-preview":"max-image-preview:large","max-video-preview":"max-video-preview:-1"},"canonical":"https:\/\/ecoleclunynoumea.ddec.nc\/?p=409","og_locale":"fr_FR","og_type":"article","og_title":"Ev\u00e8nements de fin d'ann\u00e9e 2024 - Ecole Saint-Joseph de Cluny - Noum\u00e9a","og_description":"Nous avons v\u00e9cu une semaine intense en cette fin d&rsquo;ann\u00e9e 2024 : lundi 2 d\u00e9cembre : Journ\u00e9e festive, Jeudi 5 d\u00e9cembre : Messe de fin d&rsquo;ann\u00e9e, Vendredi 6 d\u00e9cembre : F\u00eate de St Nicolas. N.B. : les sorties de classes de fin d&rsquo;ann\u00e9e ont d\u00e9but\u00e9 le 28 novembre jusqu&rsquo;au 9 d\u00e9cembre. &nbsp;","og_url":"https:\/\/ecoleclunynoumea.ddec.nc\/?p=409","og_site_name":"Ecole Saint-Joseph de Cluny - Noum\u00e9a","article_publisher":"https:\/\/www.facebook.com\/ecolesaintjosephdeclunynoumea","article_published_time":"2024-12-09T01:42:17+00:00","article_modified_time":"2024-12-09T01:48:42+00:00","og_image":[{"width":1536,"height":950,"url":"https:\/\/ecoleclunynoumea.ddec.nc\/wp-content\/uploads\/2024\/12\/ST-NICOLAS-e1733708914715.jpg","type":"image\/jpeg"}],"author":"Goretti Mandi","twitter_card":"summary_large_image","twitter_misc":{"\u00c9crit par":"Goretti Mandi"},"schema":{"@context":"https:\/\/schema.org","@graph":[{"@type":"Article","@id":"https:\/\/ecoleclunynoumea.ddec.nc\/?p=409#article","isPartOf":{"@id":"https:\/\/ecoleclunynoumea.ddec.nc\/?p=409"},"author":{"name":"Goretti Mandi","@id":"https:\/\/ecoleclunynoumea.ddec.nc\/#\/schema\/person\/e429c2b97b3214359df8252e34ada041"},"headline":"Ev\u00e8nements de fin d&rsquo;ann\u00e9e 2024","datePublished":"2024-12-09T01:42:17+00:00","dateModified":"2024-12-09T01:48:42+00:00","mainEntityOfPage":{"@id":"https:\/\/ecoleclunynoumea.ddec.nc\/?p=409"},"wordCount":64,"commentCount":0,"publisher":{"@id":"https:\/\/ecoleclunynoumea.ddec.nc\/#organization"},"image":{"@id":"https:\/\/ecoleclunynoumea.ddec.nc\/?p=409#primaryimage"},"thumbnailUrl":"https:\/\/ecoleclunynoumea.ddec.nc\/wp-content\/uploads\/2024\/12\/ST-NICOLAS-e1733708914715.jpg","articleSection":["Actus"],"inLanguage":"fr-FR","potentialAction":[{"@type":"CommentAction","name":"Comment","target":["https:\/\/ecoleclunynoumea.ddec.nc\/?p=409#respond"]}]},{"@type":"WebPage","@id":"https:\/\/ecoleclunynoumea.ddec.nc\/?p=409","url":"https:\/\/ecoleclunynoumea.ddec.nc\/?p=409","name":"Ev\u00e8nements de fin d'ann\u00e9e 2024 - Ecole Saint-Joseph de Cluny - Noum\u00e9a","isPartOf":{"@id":"https:\/\/ecoleclunynoumea.ddec.nc\/#website"},"primaryImageOfPage":{"@id":"https:\/\/ecoleclunynoumea.ddec.nc\/?p=409#primaryimage"},"image":{"@id":"https:\/\/ecoleclunynoumea.ddec.nc\/?p=409#primaryimage"},"thumbnailUrl":"https:\/\/ecoleclunynoumea.ddec.nc\/wp-content\/uploads\/2024\/12\/ST-NICOLAS-e1733708914715.jpg","datePublished":"2024-12-09T01:42:17+00:00","dateModified":"2024-12-09T01:48:42+00:00","breadcrumb":{"@id":"https:\/\/ecoleclunynoumea.ddec.nc\/?p=409#breadcrumb"},"inLanguage":"fr-FR","potentialAction":[{"@type":"ReadAction","target":["https:\/\/ecoleclunynoumea.ddec.nc\/?p=409"]}]},{"@type":"ImageObject","inLanguage":"fr-FR","@id":"https:\/\/ecoleclunynoumea.ddec.nc\/?p=409#primaryimage","url":"https:\/\/ecoleclunynoumea.ddec.nc\/wp-content\/uploads\/2024\/12\/ST-NICOLAS-e1733708914715.jpg","contentUrl":"https:\/\/ecoleclunynoumea.ddec.nc\/wp-content\/uploads\/2024\/12\/ST-NICOLAS-e1733708914715.jpg","width":1536,"height":950},{"@type":"BreadcrumbList","@id":"https:\/\/ecoleclunynoumea.ddec.nc\/?p=409#breadcrumb","itemListElement":[{"@type":"ListItem","position":1,"name":"Accueil","item":"https:\/\/ecoleclunynoumea.ddec.nc\/"},{"@type":"ListItem","position":2,"name":"Ev\u00e8nements de fin d&rsquo;ann\u00e9e 2024"}]},{"@type":"WebSite","@id":"https:\/\/ecoleclunynoumea.ddec.nc\/#website","url":"https:\/\/ecoleclunynoumea.ddec.nc\/","name":"Ecole Saint-Joseph de Cluny - Noum\u00e9a","description":"","publisher":{"@id":"https:\/\/ecoleclunynoumea.ddec.nc\/#organization"},"potentialAction":[{"@type":"SearchAction","target":{"@type":"EntryPoint","urlTemplate":"https:\/\/ecoleclunynoumea.ddec.nc\/?s={search_term_string}"},"query-input":{"@type":"PropertyValueSpecification","valueRequired":true,"valueName":"search_term_string"}}],"inLanguage":"fr-FR"},{"@type":"Organization","@id":"https:\/\/ecoleclunynoumea.ddec.nc\/#organization","name":"Ecole Saint-Joseph de Cluny - Noum\u00e9a","url":"https:\/\/ecoleclunynoumea.ddec.nc\/","logo":{"@type":"ImageObject","inLanguage":"fr-FR","@id":"https:\/\/ecoleclunynoumea.ddec.nc\/#\/schema\/logo\/image\/","url":"https:\/\/ecoleclunynoumea.ddec.nc\/wp-content\/uploads\/2024\/11\/logo.jpg","contentUrl":"https:\/\/ecoleclunynoumea.ddec.nc\/wp-content\/uploads\/2024\/11\/logo.jpg","width":808,"height":673,"caption":"Ecole Saint-Joseph de Cluny - Noum\u00e9a"},"image":{"@id":"https:\/\/ecoleclunynoumea.ddec.nc\/#\/schema\/logo\/image\/"},"sameAs":["https:\/\/www.facebook.com\/ecolesaintjosephdeclunynoumea"]},{"@type":"Person","@id":"https:\/\/ecoleclunynoumea.ddec.nc\/#\/schema\/person\/e429c2b97b3214359df8252e34ada041","name":"Goretti Mandi","image":{"@type":"ImageObject","inLanguage":"fr-FR","@id":"https:\/\/ecoleclunynoumea.ddec.nc\/#\/schema\/person\/image\/","url":"https:\/\/secure.gravatar.com\/avatar\/78491f1895e582a2fa3d468a7f31fc0cfb6cb430274bb754a643497fc81c7271?s=96&d=mm&r=g","contentUrl":"https:\/\/secure.gravatar.com\/avatar\/78491f1895e582a2fa3d468a7f31fc0cfb6cb430274bb754a643497fc81c7271?s=96&d=mm&r=g","caption":"Goretti Mandi"},"url":"https:\/\/ecoleclunynoumea.ddec.nc\/?author=3"}]}},"_links":{"self":[{"href":"https:\/\/ecoleclunynoumea.ddec.nc\/index.php?rest_route=\/wp\/v2\/posts\/409","targetHints":{"allow":["GET"]}}],"collection":[{"href":"https:\/\/ecoleclunynoumea.ddec.nc\/index.php?rest_route=\/wp\/v2\/posts"}],"about":[{"href":"https:\/\/ecoleclunynoumea.ddec.nc\/index.php?rest_route=\/wp\/v2\/types\/post"}],"author":[{"embeddable":true,"href":"https:\/\/ecoleclunynoumea.ddec.nc\/index.php?rest_route=\/wp\/v2\/users\/3"}],"replies":[{"embeddable":true,"href":"https:\/\/ecoleclunynoumea.ddec.nc\/index.php?rest_route=%2Fwp%2Fv2%2Fcomments&post=409"}],"version-history":[{"count":1,"href":"https:\/\/ecoleclunynoumea.ddec.nc\/index.php?rest_route=\/wp\/v2\/posts\/409\/revisions"}],"predecessor-version":[{"id":410,"href":"https:\/\/ecoleclunynoumea.ddec.nc\/index.php?rest_route=\/wp\/v2\/posts\/409\/revisions\/410"}],"wp:featuredmedia":[{"embeddable":true,"href":"https:\/\/ecoleclunynoumea.ddec.nc\/index.php?rest_route=\/wp\/v2\/media\/404"}],"wp:attachment":[{"href":"https:\/\/ecoleclunynoumea.ddec.nc\/index.php?rest_route=%2Fwp%2Fv2%2Fmedia&parent=409"}],"wp:term":[{"taxonomy":"category","embeddable":true,"href":"https:\/\/ecoleclunynoumea.ddec.nc\/index.php?rest_route=%2Fwp%2Fv2%2Fcategories&post=409"},{"taxonomy":"post_tag","embeddable":true,"href":"https:\/\/ecoleclunynoumea.ddec.nc\/index.php?rest_route=%2Fwp%2Fv2%2Ftags&post=409"}],"curies":[{"name":"wp","href":"https:\/\/api.w.org\/{rel}","templated":true}]}}